{"id":26052,"date":"2025-04-18T12:31:37","date_gmt":"2025-04-18T12:31:37","guid":{"rendered":"https:\/\/edusign.com\/fr\/?p=26052"},"modified":"2025-04-16T13:05:00","modified_gmt":"2025-04-16T13:05:00","slug":"2030-a-quoi-ressemblera-la-formation-professionnelle-dans-5-ans","status":"publish","type":"post","link":"https:\/\/edusign.com\/fr\/blog\/2030-a-quoi-ressemblera-la-formation-professionnelle-dans-5-ans\/","title":{"rendered":"2030 : \u00e0 quoi ressemblera la formation professionnelle dans 5 ans ?"},"content":{"rendered":"\n<p>D\u2019ici cinq ans, la formation professionnelle conna\u00eetra une transformation en profondeur.<br>Pouss\u00e9e par l\u2019intelligence artificielle, les \u00e9volutions du travail et les attentes des apprenants, elle deviendra plus personnalis\u00e9e, plus fluide et mieux int\u00e9gr\u00e9e dans la vie professionnelle.<\/p>\n\n\n\n<p>Mais comment s\u2019y pr\u00e9parer concr\u00e8tement ?<br>\u00c0 quoi faut-il s\u2019attendre ?<\/p>\n\n\n\n<p>Dans cet article, nous vous proposons un panorama des tendances cl\u00e9s qui fa\u00e7onneront la formation en 2030, et comment s\u2019y adapter d\u00e8s aujourd\u2019hui.<\/p>\n\n\n\n<p>Alors vous \u00eates pr\u00eats ?<\/p>\n\n\n\n<figure class=\"wp-block-image size-large\"><img fetchpriority=\"high\" decoding=\"async\" width=\"1024\" height=\"682\" src=\"https:\/\/edusign.com\/fr\/wp-content\/uploads\/sites\/2\/2025\/03\/male-business-executive-using-virtual-reality-headset-1-1024x682.jpg\" alt=\"\" class=\"wp-image-26053\" srcset=\"https:\/\/edusign.com\/fr\/wp-content\/uploads\/sites\/2\/2025\/03\/male-business-executive-using-virtual-reality-headset-1-1024x682.jpg 1024w, https:\/\/edusign.com\/fr\/wp-content\/uploads\/sites\/2\/2025\/03\/male-business-executive-using-virtual-reality-headset-1-300x200.jpg 300w, https:\/\/edusign.com\/fr\/wp-content\/uploads\/sites\/2\/2025\/03\/male-business-executive-using-virtual-reality-headset-1-768x512.jpg 768w, https:\/\/edusign.com\/fr\/wp-content\/uploads\/sites\/2\/2025\/03\/male-business-executive-using-virtual-reality-headset-1-1536x1024.jpg 1536w, https:\/\/edusign.com\/fr\/wp-content\/uploads\/sites\/2\/2025\/03\/male-business-executive-using-virtual-reality-headset-1.jpg 2000w\" sizes=\"(max-width: 1024px) 100vw, 1024px\" \/><\/figure>\n\n\n\n<h2 class=\"wp-block-heading\"><strong>\ud83c\udfaf Personnalisation et flexibilit\u00e9 renforc\u00e9es<\/strong><\/h2>\n\n\n\n<p>En 2030, l\u2019adaptive learning sera devenu la norme. Gr\u00e2ce \u00e0 l\u2019IA, chaque apprenant suivra un parcours ajust\u00e9 \u00e0 son niveau, ses besoins et son rythme. Fini les programmes fig\u00e9s : la formation s\u2019ajustera en continu.<\/p>\n\n\n\n<ul>\n<li><strong>Parcours individualis\u00e9s<\/strong> : les algorithmes analyseront en temps r\u00e9el les r\u00e9sultats, pr\u00e9f\u00e9rences et objectifs pour adapter les contenus et les exercices.<br><\/li>\n\n\n\n<li><strong>Micro-learning mobile<\/strong> : <a href=\"https:\/\/edusign.com\/fr\/blog\/microlearning-pourquoi-et-comment-integrer-cette-approche-dans-vos-formations\/\" target=\"_blank\" data-type=\"post\" data-id=\"23682\" rel=\"noreferrer noopener\">les modules courts et cibl\u00e9s<\/a>, accessibles depuis un smartphone, permettront de se former dans les temps morts du quotidien.<br><\/li>\n<\/ul>\n\n\n\n<p>Ce virage vers une formation plus agile impose aux plateformes de repenser l\u2019exp\u00e9rience apprenant de bout en bout. Le d\u00e9fi ? Offrir un accompagnement individualis\u00e9 sans alourdir la gestion administrative.<\/p>\n\n\n\n<h2 class=\"wp-block-heading\"><strong>\ud83e\udde0 Immersion et interactivit\u00e9 au c\u0153ur des parcours<\/strong><\/h2>\n\n\n\n<p>Avec la r\u00e9alit\u00e9 virtuelle et la r\u00e9alit\u00e9 augment\u00e9e, l\u2019apprentissage sera de plus en plus exp\u00e9rientiel.<\/p>\n\n\n\n<ul>\n<li><strong>Simulations immersives<\/strong> : les m\u00e9tiers techniques ou \u00e0 risque pourront \u00eatre enseign\u00e9s via des environnements 3D r\u00e9alistes.<br><\/li>\n\n\n\n<li><strong>RA en situation<\/strong> : dans les m\u00e9tiers manuels, les apprenants pourront \u00eatre guid\u00e9s par des annotations virtuelles superpos\u00e9es \u00e0 leur environnement r\u00e9el.<br><\/li>\n<\/ul>\n\n\n\n<p>Ce type d\u2019apprentissage, plus engageant, renforce la m\u00e9morisation et favorise l\u2019autonomie. Mais il demande aussi une logistique plus complexe : suivi de la participation, tra\u00e7abilit\u00e9 des actions, int\u00e9gration des donn\u00e9es\u2026 Autant de points \u00e0 anticiper pour \u00e9viter d\u2019\u00eatre d\u00e9bord\u00e9.<\/p>\n\n\n\n<h2 class=\"wp-block-heading\"><strong>\ud83d\udcac La mont\u00e9e en puissance des soft skills<\/strong><\/h2>\n\n\n\n<p>Si les savoir-faire techniques \u00e9voluent, ce sont surtout les comp\u00e9tences humaines qui feront la diff\u00e9rence.<\/p>\n\n\n\n<ul>\n<li><strong>Cr\u00e9ativit\u00e9, pens\u00e9e critique<\/strong> : de plus en plus valoris\u00e9es, ces comp\u00e9tences transversales seront int\u00e9gr\u00e9es \u00e0 toutes les formations, y compris techniques.<br><\/li>\n\n\n\n<li><strong>Intelligence \u00e9motionnelle et adaptabilit\u00e9<\/strong> : indispensables face \u00e0 l\u2019incertitude, elles n\u00e9cessitent des formats plus interactifs et r\u00e9flexifs.<\/li>\n<\/ul>\n\n\n\n<figure class=\"wp-block-image size-large\"><img decoding=\"async\" width=\"1024\" height=\"682\" src=\"https:\/\/edusign.com\/fr\/wp-content\/uploads\/sites\/2\/2025\/02\/brooke-cagle-uHVRvDr7pg-unsplash-Grande-1-1024x682.jpeg\" alt=\"\" class=\"wp-image-25482\" srcset=\"https:\/\/edusign.com\/fr\/wp-content\/uploads\/sites\/2\/2025\/02\/brooke-cagle-uHVRvDr7pg-unsplash-Grande-1-1024x682.jpeg 1024w, https:\/\/edusign.com\/fr\/wp-content\/uploads\/sites\/2\/2025\/02\/brooke-cagle-uHVRvDr7pg-unsplash-Grande-1-300x200.jpeg 300w, https:\/\/edusign.com\/fr\/wp-content\/uploads\/sites\/2\/2025\/02\/brooke-cagle-uHVRvDr7pg-unsplash-Grande-1-768x512.jpeg 768w, https:\/\/edusign.com\/fr\/wp-content\/uploads\/sites\/2\/2025\/02\/brooke-cagle-uHVRvDr7pg-unsplash-Grande-1.jpeg 1280w\" sizes=\"(max-width: 1024px) 100vw, 1024px\" \/><\/figure>\n\n\n\n<p>&nbsp;Aujourd\u2019hui d\u00e9j\u00e0, les soft skills prennent de plus en plus d\u2019importance dans le recrutement et dans l\u2019\u00e9panouissement professionnel. Les outils d\u2019\u00e9valuation devront donc \u00e9voluer pour d\u00e9tecter ces comp\u00e9tences moins tangibles, mais essentielles \u00e0 l\u2019\u00e9volution professionnelle.<\/p>\n\n\n\n<h2 class=\"wp-block-heading\"><strong>\ud83d\udd04 Apprentissage continu et int\u00e9gr\u00e9 au travail<\/strong><\/h2>\n\n\n\n<p>En 2030, la formation ne sera plus un temps \u00e0 part. Elle sera int\u00e9gr\u00e9e au quotidien, sous forme de contenus courts, de mentorat ou de retours r\u00e9guliers.<\/p>\n\n\n\n<ul>\n<li><strong>Apprentissage en continu<\/strong> : pr\u00e8s de 20 % du temps de travail sera consacr\u00e9 \u00e0 l\u2019acquisition ou \u00e0 la mise \u00e0 jour de comp\u00e9tences.<br><\/li>\n\n\n\n<li><strong>Apprentissage entre pairs<\/strong> : les plateformes collaboratives favoriseront les \u00e9changes de bonnes pratiques et l\u2019entraide.<br><\/li>\n\n\n\n<li><strong>Microcertifications<\/strong> : des attestations cibl\u00e9es permettront de valoriser chaque comp\u00e9tence acquise au fil de l\u2019eau.<br><\/li>\n<\/ul>\n\n\n\n<p>&nbsp;Ce mod\u00e8le exige des outils capables de suivre des parcours non lin\u00e9aires, de g\u00e9n\u00e9rer des documents \u00e0 la vol\u00e9e et de reconna\u00eetre chaque \u00e9tape franchie. La technologie administrative devra donc se perfectionner pour piloter en temps r\u00e9el les donn\u00e9es de formation et s\u2019adapter aux demandes des apprenants.<\/p>\n\n\n\n<h2 class=\"wp-block-heading\"><strong>\ud83e\udde9 Vers de nouvelles approches p\u00e9dagogiques<\/strong><\/h2>\n\n\n\n<p>En parall\u00e8le, les formats \u00e9volueront pour mieux capter l\u2019attention et stimuler l\u2019engagement :<\/p>\n\n\n\n<ul>\n<li><strong>Gamification<\/strong> : les logiques de jeu (points, badges, classements) motiveront les apprenants \u00e0 aller au bout des modules.<br><\/li>\n\n\n\n<li><strong>P\u00e9dagogies actives<\/strong> : les apprenants seront acteurs de leur parcours via des mises en situation, des projets concrets ou des d\u00e9fis collectifs.<br><\/li>\n\n\n\n<li><strong>Neurosciences appliqu\u00e9es<\/strong> : les contenus tiendront compte du fonctionnement cognitif (r\u00e9currence, ancrage, attention).<br><\/li>\n<\/ul>\n\n\n\n<p>Ces approches, si elles sont bien pens\u00e9es, transforment profond\u00e9ment l\u2019efficacit\u00e9 de la formation \u2013 mais demandent aussi des outils de mesure adapt\u00e9s. En 2030, la formation classique ne s\u00e9duira plus : il faudra innover, et il faut commencer d\u00e8s maintenant.<\/p>\n\n\n\n<figure class=\"wp-block-image size-large\"><img decoding=\"async\" width=\"1024\" height=\"683\" src=\"https:\/\/edusign.com\/fr\/wp-content\/uploads\/sites\/2\/2025\/01\/woman-taking-e-learning-courses-1-1024x683.jpg\" alt=\"\" class=\"wp-image-24846\" srcset=\"https:\/\/edusign.com\/fr\/wp-content\/uploads\/sites\/2\/2025\/01\/woman-taking-e-learning-courses-1-1024x683.jpg 1024w, https:\/\/edusign.com\/fr\/wp-content\/uploads\/sites\/2\/2025\/01\/woman-taking-e-learning-courses-1-300x200.jpg 300w, https:\/\/edusign.com\/fr\/wp-content\/uploads\/sites\/2\/2025\/01\/woman-taking-e-learning-courses-1-768x512.jpg 768w, https:\/\/edusign.com\/fr\/wp-content\/uploads\/sites\/2\/2025\/01\/woman-taking-e-learning-courses-1-1536x1024.jpg 1536w, https:\/\/edusign.com\/fr\/wp-content\/uploads\/sites\/2\/2025\/01\/woman-taking-e-learning-courses-1-2048x1365.jpg 2048w\" sizes=\"(max-width: 1024px) 100vw, 1024px\" \/><\/figure>\n\n\n\n<h2 class=\"wp-block-heading\"><strong>\ud83d\udcc8 \u00c9valuer, ajuster, prouver : l\u2019obsession du ROI<\/strong><\/h2>\n\n\n\n<p>Dans un monde o\u00f9 la formation devient un levier strat\u00e9gique, les entreprises exigeront une preuve concr\u00e8te de son efficacit\u00e9.<\/p>\n\n\n\n<ul>\n<li><strong>Suivi en temps r\u00e9el des progr\u00e8s individuels<\/strong><strong><br><\/strong><\/li>\n\n\n\n<li><strong>Tableaux de bord d\u00e9taill\u00e9s pour identifier les zones d\u2019optimisation<\/strong><strong><br><\/strong><\/li>\n\n\n\n<li><strong>Calcul du ROI pour chaque action de formation<\/strong><strong><br><\/strong><\/li>\n<\/ul>\n\n\n\n<p>Les plateformes devront int\u00e9grer des fonctions avanc\u00e9es d\u2019analyse, capables de transformer les donn\u00e9es brutes en d\u00e9cisions strat\u00e9giques.<\/p>\n\n\n\n<h2 class=\"wp-block-heading\"><strong>\ud83d\udc69\u200d\ud83c\udfeb Le formateur : de transmetteur \u00e0 facilitateur<\/strong><\/h2>\n\n\n\n<p>Comment parler de formation sans parler des principaux int\u00e9ress\u00e9s ? Si la formation \u00e9volue autant, il en va de m\u00eame pour les formateurs. Leur r\u00f4le va profond\u00e9ment changer :<\/p>\n\n\n\n<ul>\n<li><strong>Facilitateur d\u2019apprentissage<\/strong> : il guidera les apprenants plus qu\u2019il ne d\u00e9livrera un contenu.<br><\/li>\n\n\n\n<li><strong>Cr\u00e9ateur de contenu<\/strong> : il saura concevoir des vid\u00e9os, sc\u00e9narios interactifs ou quiz gamifi\u00e9s.<br><\/li>\n\n\n\n<li><strong>Coach individuel<\/strong> : il accompagnera chaque apprenant selon ses objectifs.<br><\/li>\n<\/ul>\n\n\n\n<p>Les outils de pilotage devront refl\u00e9ter cette nouvelle posture, en permettant une vision pr\u00e9cise de l\u2019engagement, des progr\u00e8s et des attentes des apprenants.<\/p>\n\n\n\n<h2 class=\"wp-block-heading\"><strong>\ud83d\udee0\ufe0f Et c\u00f4t\u00e9 administratif ?<\/strong><\/h2>\n\n\n\n<p>L\u2019enjeu est simple : r\u00e9duire au maximum le temps pass\u00e9 sur des t\u00e2ches \u00e0 faible valeur ajout\u00e9e.<\/p>\n\n\n\n<ul>\n<li><strong>Automatisation des feuilles de pr\u00e9sence, des relances, des justificatifs<\/strong><strong><br><\/strong><\/li>\n\n\n\n<li><strong>Blockchain pour la certification<\/strong> : \u00e0 terme, les attestations pourront \u00eatre infalsifiables et tra\u00e7ables.<br><\/li>\n\n\n\n<li><strong>Synchronisation avec les outils RH<\/strong> : gestion des comp\u00e9tences, plans de formation, bilans d\u2019\u00e9volution<br><\/li>\n<\/ul>\n\n\n\n<p>Un seul mot d\u2019ordre : fluidit\u00e9.<\/p>\n\n\n\n<h2 class=\"wp-block-heading\"><strong>\ud83d\ude80 Edusign, une plateforme d\u00e9j\u00e0 pens\u00e9e pour 2030<\/strong><\/h2>\n\n\n\n<p>Anticiper l\u2019avenir, c\u2019est aussi \u00e9couter ceux qui le vivent au quotidien. Chez Edusign, nous construisons notre plateforme en co-cr\u00e9ation avec nos utilisateurs. Le but : que nos outils \u00e9voluent avec leurs pratiques, pas \u00e0 c\u00f4t\u00e9.<\/p>\n\n\n\n<ul>\n<li><strong><a href=\"https:\/\/edusign.com\/fr\/features-quick-survey-ai\/\" target=\"_blank\" data-type=\"page\" data-id=\"8263\" rel=\"noreferrer noopener\">Quick Survey<\/a><\/strong> : pour maintenir le lien avec les alumni et identifier leurs besoins en formation continue. Un questionnaire automatique pour savoir ce qu\u2019ils souhaitent apprendre demain, et les faire revenir plus tard.<br><\/li>\n\n\n\n<li><a href=\"https:\/\/edusign.com\/fr\/blog\/comment-utiliser-les-donnees-dassiduite-pour-optimiser-vos-programmes-de-formation\/\" target=\"_blank\" data-type=\"URL\" data-id=\"https:\/\/edusign.com\/fr\/blog\/comment-utiliser-les-donnees-dassiduite-pour-optimiser-vos-programmes-de-formation\/\" rel=\"noreferrer noopener\"><strong>Statistiques avanc\u00e9es<\/strong> : <\/a>pour les formateurs comme pour les responsables formation, nos analyses permettent de suivre l\u2019impact r\u00e9el des parcours, d\u2019ajuster l\u2019offre et de d\u00e9montrer concr\u00e8tement le ROI.<br><\/li>\n\n\n\n<li><strong>Co-conception produit<\/strong> : chaque mois, nous int\u00e9grons les retours de nos clients pour faire \u00e9voluer Edusign. R\u00e9sultat : une plateforme qui vous correspond aujourd\u2019hui\u2026 et vous accompagnera encore en 2030.<br><\/li>\n<\/ul>\n\n\n\n<h2 class=\"wp-block-heading\"><strong>\ud83d\udca1 Conclusion : se former en 2030, c\u2019est vivre une exp\u00e9rience compl\u00e8te<\/strong><\/h2>\n\n\n\n<p>La formation professionnelle en 2030 ne se r\u00e9sumera plus \u00e0 \u201cacqu\u00e9rir des comp\u00e9tences\u201d. Ce sera une exp\u00e9rience continue, intelligente, connect\u00e9e, personnalis\u00e9e, o\u00f9 chaque apprenant devient acteur de son d\u00e9veloppement.<\/p>\n\n\n\n<p>Mais pour rendre cela possible, encore faut-il que l\u2019organisation suive. C\u2019est l\u00e0 qu\u2019interviennent des solutions comme Edusign : pour simplifier la gestion, mieux comprendre ce qui fonctionne\u2026 et surtout, faire de la formation un outil strat\u00e9gique, au service de la mont\u00e9e en comp\u00e9tences.<\/p>\n\n\n\n<p>&nbsp;L\u2019avenir est d\u00e9j\u00e0 l\u00e0. Et il commence avec les outils que vous choisissez aujourd\u2019hui.<\/p>\n\n\n\n<p>\ud83d\udce2 <strong>Pr\u00eat \u00e0 anticiper la formation de demain ?<br><\/strong>Testez d\u00e8s maintenant Edusign et d\u00e9couvrez comment notre plateforme peut vous aider \u00e0 fluidifier la gestion, renforcer l\u2019engagement des apprenants et pr\u00e9parer vos parcours \u00e0 l\u2019horizon 2030.<br>\ud83d\udc49 Participez \u00e0 une d\u00e9mo personnalis\u00e9e<\/p>\n\n\n\n<figure class=\"wp-block-image size-large\"><a href=\"https:\/\/edusign.com\/contact\/\"><img loading=\"lazy\" decoding=\"async\" width=\"1024\" height=\"247\" src=\"https:\/\/edusign.com\/fr\/wp-content\/uploads\/sites\/2\/2025\/02\/Banniere-2-2-1024x247.png\" alt=\"\" class=\"wp-image-25473\" srcset=\"https:\/\/edusign.com\/fr\/wp-content\/uploads\/sites\/2\/2025\/02\/Banniere-2-2-1024x247.png 1024w, https:\/\/edusign.com\/fr\/wp-content\/uploads\/sites\/2\/2025\/02\/Banniere-2-2-300x73.png 300w, https:\/\/edusign.com\/fr\/wp-content\/uploads\/sites\/2\/2025\/02\/Banniere-2-2-768x186.png 768w, https:\/\/edusign.com\/fr\/wp-content\/uploads\/sites\/2\/2025\/02\/Banniere-2-2.png 1324w\" sizes=\"(max-width: 1024px) 100vw, 1024px\" \/><\/a><\/figure>\n","protected":false},"excerpt":{"rendered":"<p>D\u2019ici cinq ans, la formation professionnelle conna\u00eetra une transformation en profondeur.Pouss\u00e9e par l\u2019intelligence artificielle, les \u00e9volutions du travail et les attentes des apprenants, elle deviendra plus personnalis\u00e9e, plus fluide et mieux int\u00e9gr\u00e9e dans la vie professionnelle. Mais comment s\u2019y pr\u00e9parer concr\u00e8tement ?\u00c0 quoi faut-il s\u2019attendre ? Dans cet article, nous vous proposons un panorama des [&hellip;]<\/p>\n","protected":false},"author":20,"featured_media":26094,"comment_status":"open","ping_status":"closed","sticky":false,"template":"","format":"standard","meta":{"content-type":""},"categories":[1],"tags":[],"acf":[],"_links":{"self":[{"href":"https:\/\/edusign.com\/fr\/wp-json\/wp\/v2\/posts\/26052"}],"collection":[{"href":"https:\/\/edusign.com\/fr\/wp-json\/wp\/v2\/posts"}],"about":[{"href":"https:\/\/edusign.com\/fr\/wp-json\/wp\/v2\/types\/post"}],"author":[{"embeddable":true,"href":"https:\/\/edusign.com\/fr\/wp-json\/wp\/v2\/users\/20"}],"replies":[{"embeddable":true,"href":"https:\/\/edusign.com\/fr\/wp-json\/wp\/v2\/comments?post=26052"}],"version-history":[{"count":3,"href":"https:\/\/edusign.com\/fr\/wp-json\/wp\/v2\/posts\/26052\/revisions"}],"predecessor-version":[{"id":26244,"href":"https:\/\/edusign.com\/fr\/wp-json\/wp\/v2\/posts\/26052\/revisions\/26244"}],"wp:featuredmedia":[{"embeddable":true,"href":"https:\/\/edusign.com\/fr\/wp-json\/wp\/v2\/media\/26094"}],"wp:attachment":[{"href":"https:\/\/edusign.com\/fr\/wp-json\/wp\/v2\/media?parent=26052"}],"wp:term":[{"taxonomy":"category","embeddable":true,"href":"https:\/\/edusign.com\/fr\/wp-json\/wp\/v2\/categories?post=26052"},{"taxonomy":"post_tag","embeddable":true,"href":"https:\/\/edusign.com\/fr\/wp-json\/wp\/v2\/tags?post=26052"}],"curies":[{"name":"wp","href":"https:\/\/api.w.org\/{rel}","templated":true}]}}